{"id":6265,"date":"2018-08-15T00:00:00","date_gmt":"2018-08-14T20:00:00","guid":{"rendered":"https:\/\/umayalighting.com\/sin-categorizar\/umaya-nominado-para-los-premios-iluminet-2018\/"},"modified":"2023-09-13T23:03:50","modified_gmt":"2023-09-13T19:03:50","slug":"umaya-nominado-para-los-premios-iluminet-2018","status":"publish","type":"post","link":"https:\/\/umayalighting.com\/es\/noticias\/umaya-nominado-para-los-premios-iluminet-2018\/","title":{"rendered":"UMAYA nominado para los Premios Iluminet 2018"},"content":{"rendered":"<p>Estamos orgullosos de haber sido nominados para los Premios Iluminet en M\u00e9xico, por el dise\u00f1o de iluminaci\u00f3n de interiores de la Universidad Khalifa y el Museo Etihad; esfuerzos conjuntos entre nuestros estudios en Dubai, Barcelona y Uruguay.<\/p><p>Los Premios Iluminet giran en torno a la Bienal de Dise\u00f1o de Iluminaci\u00f3n Iberoamericano, que este a\u00f1o tiene su tercera edici\u00f3n. El evento incluye una conferencia, una exposici\u00f3n de fotograf\u00eda, los premios y un libro con los mejores 50 proyectos.<\/p>","protected":false},"excerpt":{"rendered":"<p>Estamos orgullosos de haber sido nominados para los Premios Iluminet en M\u00e9xico, por el dise\u00f1o de iluminaci\u00f3n de interiores de la Universidad Khalifa y el Museo Etihad; esfuerzos conjuntos entre nuestros estudios en Dubai, Barcelona y Uruguay. Los Premios Iluminet giran en torno a la Bienal de Dise\u00f1o de Iluminaci\u00f3n Iberoamericano, que este a\u00f1o tiene [&hellip;]<\/p>\n","protected":false},"author":1,"featured_media":5661,"comment_status":"closed","ping_status":"closed","sticky":false,"template":"","format":"standard","meta":{"_acf_changed":false,"footnotes":""},"categories":[106],"tags":[],"class_list":["post-6265","post","type-post","status-publish","format-standard","has-post-thumbnail","hentry","category-noticias"],"acf":[],"featured_image_src":{"landsacpe":["https:\/\/umayalighting.com\/wp-content\/uploads\/2018\/08\/e646c0ae300af0ae3e54c5600fd3a36a_f1710.jpg",520,300,false],"list":["https:\/\/umayalighting.com\/wp-content\/uploads\/2018\/08\/e646c0ae300af0ae3e54c5600fd3a36a_f1710-463x300.jpg",463,300,true],"medium":["https:\/\/umayalighting.com\/wp-content\/uploads\/2018\/08\/e646c0ae300af0ae3e54c5600fd3a36a_f1710-300x173.jpg",300,173,true],"full":["https:\/\/umayalighting.com\/wp-content\/uploads\/2018\/08\/e646c0ae300af0ae3e54c5600fd3a36a_f1710.jpg",520,300,false]},"_links":{"self":[{"href":"https:\/\/umayalighting.com\/es\/wp-json\/wp\/v2\/posts\/6265","targetHints":{"allow":["GET"]}}],"collection":[{"href":"https:\/\/umayalighting.com\/es\/wp-json\/wp\/v2\/posts"}],"about":[{"href":"https:\/\/umayalighting.com\/es\/wp-json\/wp\/v2\/types\/post"}],"author":[{"embeddable":true,"href":"https:\/\/umayalighting.com\/es\/wp-json\/wp\/v2\/users\/1"}],"replies":[{"embeddable":true,"href":"https:\/\/umayalighting.com\/es\/wp-json\/wp\/v2\/comments?post=6265"}],"version-history":[{"count":2,"href":"https:\/\/umayalighting.com\/es\/wp-json\/wp\/v2\/posts\/6265\/revisions"}],"predecessor-version":[{"id":6510,"href":"https:\/\/umayalighting.com\/es\/wp-json\/wp\/v2\/posts\/6265\/revisions\/6510"}],"wp:featuredmedia":[{"embeddable":true,"href":"https:\/\/umayalighting.com\/es\/wp-json\/wp\/v2\/media\/5661"}],"wp:attachment":[{"href":"https:\/\/umayalighting.com\/es\/wp-json\/wp\/v2\/media?parent=6265"}],"wp:term":[{"taxonomy":"category","embeddable":true,"href":"https:\/\/umayalighting.com\/es\/wp-json\/wp\/v2\/categories?post=6265"},{"taxonomy":"post_tag","embeddable":true,"href":"https:\/\/umayalighting.com\/es\/wp-json\/wp\/v2\/tags?post=6265"}],"curies":[{"name":"wp","href":"https:\/\/api.w.org\/{rel}","templated":true}]}}